{"id":745,"date":"2014-12-05T00:09:00","date_gmt":"2014-12-05T00:09:00","guid":{"rendered":"http:\/\/julioprudencio.com\/?p=745"},"modified":"2022-08-17T22:53:49","modified_gmt":"2022-08-17T22:53:49","slug":"compras-publicas-una-oportunidad-para-los-pequenos-productores","status":"publish","type":"post","link":"https:\/\/blog.jprudencio.com\/index.php\/2014\/12\/05\/compras-publicas-una-oportunidad-para-los-pequenos-productores\/","title":{"rendered":"Compras p\u00fablicas. \u00bfUna oportunidad para los peque\u00f1os agricultores? (2014)."},"content":{"rendered":"<body><p><\/p><img decoding=\"async\" class=\"size-medium wp-image-746 alignleft\" src=\"https:\/\/blog.jprudencio.com\/wp-content\/uploads\/2018\/08\/Compras-publicas-Una-oportunidad-para-los-peque%C3%B1os-agricultores-2014-225x300.jpg\" alt=\"\" width=\"225\" height=\"300\" loading=\"lazy\">\n<p>Ediciones AVSF 2014- 200 p\u00e1ginas- La Paz<\/p>\n<p>Autor y coeditor con B. El\u00edas<\/p>\n<p>El libro presenta un an\u00e1lisis del autor sobre las compras p\u00fablicas de alimentos como una alternativa a la producci\u00f3n agr\u00edcola nacional. De igual manera, sistematiza las experiencias de compras estatales de alimentos en el Per\u00fa y en el Ecuador, lo que sirve para un an\u00e1lisis comparativo con el caso boliviano.<\/p>\n<p>En el caso boliviano, se exponen otras investigaciones referidas al desayuno escolar, y a las alianzas municipio-organizaciones de productores, de diferentes autores.<\/p>\n<p>\u00a0<\/p>\n<p><a href=\"https:\/\/blog.jprudencio.com\/wp-content\/uploads\/2018\/08\/Compras-publicas-Una-oportunidad-para-los-peque%C3%B1os-agricultores-2014.pdf\">Descargar libro<\/a><\/p>\n<\/body>","protected":false},"excerpt":{"rendered":"<p>Ediciones AVSF 2014- 200 p\u00e1ginas- La Paz Autor y coeditor con B. El\u00edas El libro presenta un an\u00e1lisis ...<\/p>","protected":false},"author":2,"featured_media":746,"comment_status":"closed","ping_status":"closed","sticky":false,"template":"","format":"standard","meta":{"footnotes":""},"categories":[2],"tags":[181,1038],"class_list":["post-745","post","type-post","status-publish","format-standard","has-post-thumbnail","hentry","category-libros","tag-agricultores","tag-compras-publicas-de-alimentos"],"yoast_head":"<!-- This site is optimized with the Yoast SEO plugin v25.0 - https:\/\/yoast.com\/wordpress\/plugins\/seo\/ -->\n<title>Compras p\u00fablicas. \u00bfUna oportunidad para los peque\u00f1os agricultores? (2014). - Julio Prudencio B\u00f6hrt<\/title>\n<meta name=\"robots\" content=\"index, follow, max-snippet:-1, max-image-preview:large, max-video-preview:-1\" \/>\n<link rel=\"canonical\" href=\"https:\/\/blog.jprudencio.com\/index.php\/2014\/12\/05\/compras-publicas-una-oportunidad-para-los-pequenos-productores\/\" \/>\n<meta property=\"og:locale\" content=\"es_ES\" \/>\n<meta property=\"og:type\" content=\"article\" \/>\n<meta property=\"og:title\" content=\"Compras p\u00fablicas. \u00bfUna oportunidad para los peque\u00f1os agricultores? (2014). - Julio Prudencio B\u00f6hrt\" \/>\n<meta property=\"og:description\" content=\"Ediciones AVSF 2014- 200 p\u00e1ginas- La Paz Autor y coeditor con B. El\u00edas El libro presenta un an\u00e1lisis del autor sobre las compras p\u00fablicas de alimentos como una alternativa a la producci\u00f3n agr\u00edcola nacional. De igual manera, sistematiza las experiencias de compras estatales de alimentos en el Per\u00fa y en el Ecuador, lo que sirve [&hellip;]\" \/>\n<meta property=\"og:url\" content=\"https:\/\/blog.jprudencio.com\/index.php\/2014\/12\/05\/compras-publicas-una-oportunidad-para-los-pequenos-productores\/\" \/>\n<meta property=\"og:site_name\" content=\"Julio Prudencio B\u00f6hrt\" \/>\n<meta property=\"article:published_time\" content=\"2014-12-05T00:09:00+00:00\" \/>\n<meta property=\"article:modified_time\" content=\"2022-08-17T22:53:49+00:00\" \/>\n<meta property=\"og:image\" content=\"https:\/\/blog.jprudencio.com\/wp-content\/uploads\/2018\/08\/Compras-publicas-Una-oportunidad-para-los-peque\u00f1os-agricultores-2014.jpg\" \/>\n\t<meta property=\"og:image:width\" content=\"270\" \/>\n\t<meta property=\"og:image:height\" content=\"360\" \/>\n\t<meta property=\"og:image:type\" content=\"image\/jpeg\" \/>\n<meta name=\"author\" content=\"Julio Prudencio\" \/>\n<meta name=\"twitter:card\" content=\"summary_large_image\" \/>\n<meta name=\"twitter:label1\" content=\"Escrito por\" \/>\n\t<meta name=\"twitter:data1\" content=\"Julio Prudencio\" \/>\n<script type=\"application\/ld+json\" class=\"yoast-schema-graph\">{\"@context\":\"https:\/\/schema.org\",\"@graph\":[{\"@type\":\"WebPage\",\"@id\":\"https:\/\/blog.jprudencio.com\/index.php\/2014\/12\/05\/compras-publicas-una-oportunidad-para-los-pequenos-productores\/\",\"url\":\"https:\/\/blog.jprudencio.com\/index.php\/2014\/12\/05\/compras-publicas-una-oportunidad-para-los-pequenos-productores\/\",\"name\":\"Compras p\u00fablicas. \u00bfUna oportunidad para los peque\u00f1os agricultores? (2014). - Julio Prudencio B\u00f6hrt\",\"isPartOf\":{\"@id\":\"https:\/\/blog.jprudencio.com\/#website\"},\"primaryImageOfPage\":{\"@id\":\"https:\/\/blog.jprudencio.com\/index.php\/2014\/12\/05\/compras-publicas-una-oportunidad-para-los-pequenos-productores\/#primaryimage\"},\"image\":{\"@id\":\"https:\/\/blog.jprudencio.com\/index.php\/2014\/12\/05\/compras-publicas-una-oportunidad-para-los-pequenos-productores\/#primaryimage\"},\"thumbnailUrl\":\"https:\/\/blog.jprudencio.com\/wp-content\/uploads\/2018\/08\/Compras-publicas-Una-oportunidad-para-los-peque\u00f1os-agricultores-2014.jpg\",\"datePublished\":\"2014-12-05T00:09:00+00:00\",\"dateModified\":\"2022-08-17T22:53:49+00:00\",\"author\":{\"@id\":\"https:\/\/blog.jprudencio.com\/#\/schema\/person\/833e169df1a0e2a320a7ef7c4fcd28dc\"},\"breadcrumb\":{\"@id\":\"https:\/\/blog.jprudencio.com\/index.php\/2014\/12\/05\/compras-publicas-una-oportunidad-para-los-pequenos-productores\/#breadcrumb\"},\"inLanguage\":\"es-AR\",\"potentialAction\":[{\"@type\":\"ReadAction\",\"target\":[\"https:\/\/blog.jprudencio.com\/index.php\/2014\/12\/05\/compras-publicas-una-oportunidad-para-los-pequenos-productores\/\"]}]},{\"@type\":\"ImageObject\",\"inLanguage\":\"es-AR\",\"@id\":\"https:\/\/blog.jprudencio.com\/index.php\/2014\/12\/05\/compras-publicas-una-oportunidad-para-los-pequenos-productores\/#primaryimage\",\"url\":\"https:\/\/blog.jprudencio.com\/wp-content\/uploads\/2018\/08\/Compras-publicas-Una-oportunidad-para-los-peque\u00f1os-agricultores-2014.jpg\",\"contentUrl\":\"https:\/\/blog.jprudencio.com\/wp-content\/uploads\/2018\/08\/Compras-publicas-Una-oportunidad-para-los-peque\u00f1os-agricultores-2014.jpg\",\"width\":270,\"height\":360},{\"@type\":\"BreadcrumbList\",\"@id\":\"https:\/\/blog.jprudencio.com\/index.php\/2014\/12\/05\/compras-publicas-una-oportunidad-para-los-pequenos-productores\/#breadcrumb\",\"itemListElement\":[{\"@type\":\"ListItem\",\"position\":1,\"name\":\"Inicio\",\"item\":\"https:\/\/blog.jprudencio.com\/\"},{\"@type\":\"ListItem\",\"position\":2,\"name\":\"Compras p\u00fablicas. \u00bfUna oportunidad para los peque\u00f1os agricultores? (2014).\"}]},{\"@type\":\"WebSite\",\"@id\":\"https:\/\/blog.jprudencio.com\/#website\",\"url\":\"https:\/\/blog.jprudencio.com\/\",\"name\":\"Julio Prudencio B\u00f6hrt\",\"description\":\"Economista\",\"potentialAction\":[{\"@type\":\"SearchAction\",\"target\":{\"@type\":\"EntryPoint\",\"urlTemplate\":\"https:\/\/blog.jprudencio.com\/?s={search_term_string}\"},\"query-input\":{\"@type\":\"PropertyValueSpecification\",\"valueRequired\":true,\"valueName\":\"search_term_string\"}}],\"inLanguage\":\"es-AR\"},{\"@type\":\"Person\",\"@id\":\"https:\/\/blog.jprudencio.com\/#\/schema\/person\/833e169df1a0e2a320a7ef7c4fcd28dc\",\"name\":\"Julio Prudencio\",\"image\":{\"@type\":\"ImageObject\",\"inLanguage\":\"es-AR\",\"@id\":\"https:\/\/blog.jprudencio.com\/#\/schema\/person\/image\/\",\"url\":\"https:\/\/secure.gravatar.com\/avatar\/8d8954e7834d7b097deec13cb0d9d233?s=96&d=mm&r=g\",\"contentUrl\":\"https:\/\/secure.gravatar.com\/avatar\/8d8954e7834d7b097deec13cb0d9d233?s=96&d=mm&r=g\",\"caption\":\"Julio Prudencio\"},\"sameAs\":[\"http:\/\/www.julioprudencio.com\"],\"url\":\"https:\/\/blog.jprudencio.com\/index.php\/author\/julio\/\"}]}<\/script>\n<!-- \/ Yoast SEO plugin. -->","yoast_head_json":{"title":"Compras p\u00fablicas. \u00bfUna oportunidad para los peque\u00f1os agricultores? (2014). - Julio Prudencio B\u00f6hrt","robots":{"index":"index","follow":"follow","max-snippet":"max-snippet:-1","max-image-preview":"max-image-preview:large","max-video-preview":"max-video-preview:-1"},"canonical":"https:\/\/blog.jprudencio.com\/index.php\/2014\/12\/05\/compras-publicas-una-oportunidad-para-los-pequenos-productores\/","og_locale":"es_ES","og_type":"article","og_title":"Compras p\u00fablicas. \u00bfUna oportunidad para los peque\u00f1os agricultores? (2014). - Julio Prudencio B\u00f6hrt","og_description":"Ediciones AVSF 2014- 200 p\u00e1ginas- La Paz Autor y coeditor con B. El\u00edas El libro presenta un an\u00e1lisis del autor sobre las compras p\u00fablicas de alimentos como una alternativa a la producci\u00f3n agr\u00edcola nacional. De igual manera, sistematiza las experiencias de compras estatales de alimentos en el Per\u00fa y en el Ecuador, lo que sirve [&hellip;]","og_url":"https:\/\/blog.jprudencio.com\/index.php\/2014\/12\/05\/compras-publicas-una-oportunidad-para-los-pequenos-productores\/","og_site_name":"Julio Prudencio B\u00f6hrt","article_published_time":"2014-12-05T00:09:00+00:00","article_modified_time":"2022-08-17T22:53:49+00:00","og_image":[{"width":270,"height":360,"url":"https:\/\/blog.jprudencio.com\/wp-content\/uploads\/2018\/08\/Compras-publicas-Una-oportunidad-para-los-peque\u00f1os-agricultores-2014.jpg","type":"image\/jpeg"}],"author":"Julio Prudencio","twitter_card":"summary_large_image","twitter_misc":{"Escrito por":"Julio Prudencio"},"schema":{"@context":"https:\/\/schema.org","@graph":[{"@type":"WebPage","@id":"https:\/\/blog.jprudencio.com\/index.php\/2014\/12\/05\/compras-publicas-una-oportunidad-para-los-pequenos-productores\/","url":"https:\/\/blog.jprudencio.com\/index.php\/2014\/12\/05\/compras-publicas-una-oportunidad-para-los-pequenos-productores\/","name":"Compras p\u00fablicas. \u00bfUna oportunidad para los peque\u00f1os agricultores? (2014). - Julio Prudencio B\u00f6hrt","isPartOf":{"@id":"https:\/\/blog.jprudencio.com\/#website"},"primaryImageOfPage":{"@id":"https:\/\/blog.jprudencio.com\/index.php\/2014\/12\/05\/compras-publicas-una-oportunidad-para-los-pequenos-productores\/#primaryimage"},"image":{"@id":"https:\/\/blog.jprudencio.com\/index.php\/2014\/12\/05\/compras-publicas-una-oportunidad-para-los-pequenos-productores\/#primaryimage"},"thumbnailUrl":"https:\/\/blog.jprudencio.com\/wp-content\/uploads\/2018\/08\/Compras-publicas-Una-oportunidad-para-los-peque\u00f1os-agricultores-2014.jpg","datePublished":"2014-12-05T00:09:00+00:00","dateModified":"2022-08-17T22:53:49+00:00","author":{"@id":"https:\/\/blog.jprudencio.com\/#\/schema\/person\/833e169df1a0e2a320a7ef7c4fcd28dc"},"breadcrumb":{"@id":"https:\/\/blog.jprudencio.com\/index.php\/2014\/12\/05\/compras-publicas-una-oportunidad-para-los-pequenos-productores\/#breadcrumb"},"inLanguage":"es-AR","potentialAction":[{"@type":"ReadAction","target":["https:\/\/blog.jprudencio.com\/index.php\/2014\/12\/05\/compras-publicas-una-oportunidad-para-los-pequenos-productores\/"]}]},{"@type":"ImageObject","inLanguage":"es-AR","@id":"https:\/\/blog.jprudencio.com\/index.php\/2014\/12\/05\/compras-publicas-una-oportunidad-para-los-pequenos-productores\/#primaryimage","url":"https:\/\/blog.jprudencio.com\/wp-content\/uploads\/2018\/08\/Compras-publicas-Una-oportunidad-para-los-peque\u00f1os-agricultores-2014.jpg","contentUrl":"https:\/\/blog.jprudencio.com\/wp-content\/uploads\/2018\/08\/Compras-publicas-Una-oportunidad-para-los-peque\u00f1os-agricultores-2014.jpg","width":270,"height":360},{"@type":"BreadcrumbList","@id":"https:\/\/blog.jprudencio.com\/index.php\/2014\/12\/05\/compras-publicas-una-oportunidad-para-los-pequenos-productores\/#breadcrumb","itemListElement":[{"@type":"ListItem","position":1,"name":"Inicio","item":"https:\/\/blog.jprudencio.com\/"},{"@type":"ListItem","position":2,"name":"Compras p\u00fablicas. \u00bfUna oportunidad para los peque\u00f1os agricultores? (2014)."}]},{"@type":"WebSite","@id":"https:\/\/blog.jprudencio.com\/#website","url":"https:\/\/blog.jprudencio.com\/","name":"Julio Prudencio B\u00f6hrt","description":"Economista","potentialAction":[{"@type":"SearchAction","target":{"@type":"EntryPoint","urlTemplate":"https:\/\/blog.jprudencio.com\/?s={search_term_string}"},"query-input":{"@type":"PropertyValueSpecification","valueRequired":true,"valueName":"search_term_string"}}],"inLanguage":"es-AR"},{"@type":"Person","@id":"https:\/\/blog.jprudencio.com\/#\/schema\/person\/833e169df1a0e2a320a7ef7c4fcd28dc","name":"Julio Prudencio","image":{"@type":"ImageObject","inLanguage":"es-AR","@id":"https:\/\/blog.jprudencio.com\/#\/schema\/person\/image\/","url":"https:\/\/secure.gravatar.com\/avatar\/8d8954e7834d7b097deec13cb0d9d233?s=96&d=mm&r=g","contentUrl":"https:\/\/secure.gravatar.com\/avatar\/8d8954e7834d7b097deec13cb0d9d233?s=96&d=mm&r=g","caption":"Julio Prudencio"},"sameAs":["http:\/\/www.julioprudencio.com"],"url":"https:\/\/blog.jprudencio.com\/index.php\/author\/julio\/"}]}},"_links":{"self":[{"href":"https:\/\/blog.jprudencio.com\/index.php\/wp-json\/wp\/v2\/posts\/745"}],"collection":[{"href":"https:\/\/blog.jprudencio.com\/index.php\/wp-json\/wp\/v2\/posts"}],"about":[{"href":"https:\/\/blog.jprudencio.com\/index.php\/wp-json\/wp\/v2\/types\/post"}],"author":[{"embeddable":true,"href":"https:\/\/blog.jprudencio.com\/index.php\/wp-json\/wp\/v2\/users\/2"}],"replies":[{"embeddable":true,"href":"https:\/\/blog.jprudencio.com\/index.php\/wp-json\/wp\/v2\/comments?post=745"}],"version-history":[{"count":3,"href":"https:\/\/blog.jprudencio.com\/index.php\/wp-json\/wp\/v2\/posts\/745\/revisions"}],"predecessor-version":[{"id":977,"href":"https:\/\/blog.jprudencio.com\/index.php\/wp-json\/wp\/v2\/posts\/745\/revisions\/977"}],"wp:featuredmedia":[{"embeddable":true,"href":"https:\/\/blog.jprudencio.com\/index.php\/wp-json\/wp\/v2\/media\/746"}],"wp:attachment":[{"href":"https:\/\/blog.jprudencio.com\/index.php\/wp-json\/wp\/v2\/media?parent=745"}],"wp:term":[{"taxonomy":"category","embeddable":true,"href":"https:\/\/blog.jprudencio.com\/index.php\/wp-json\/wp\/v2\/categories?post=745"},{"taxonomy":"post_tag","embeddable":true,"href":"https:\/\/blog.jprudencio.com\/index.php\/wp-json\/wp\/v2\/tags?post=745"}],"curies":[{"name":"wp","href":"https:\/\/api.w.org\/{rel}","templated":true}]}}