{"id":661,"date":"1990-10-24T17:08:30","date_gmt":"1990-10-24T17:08:30","guid":{"rendered":"http:\/\/julioprudencio.com\/?p=661"},"modified":"2022-08-17T23:41:03","modified_gmt":"2022-08-17T23:41:03","slug":"la-inseguridad-alimentaria-en-bolivia-el-caso-del-trigo-1990","status":"publish","type":"post","link":"https:\/\/blog.jprudencio.com\/index.php\/1990\/10\/24\/la-inseguridad-alimentaria-en-bolivia-el-caso-del-trigo-1990\/","title":{"rendered":"La inseguridad alimentaria en Bolivia. El caso del trigo (1990)."},"content":{"rendered":"<body><p><\/p><img decoding=\"async\" class=\"size-medium wp-image-662 alignleft\" src=\"https:\/\/blog.jprudencio.com\/wp-content\/uploads\/2018\/08\/La-inseguridad-alimentaria-en-Bolivia-El-caso-del-trigo-1990-218x300.jpg\" alt=\"\" width=\"218\" height=\"300\" loading=\"lazy\" srcset=\"https:\/\/blog.jprudencio.com\/wp-content\/uploads\/2018\/08\/La-inseguridad-alimentaria-en-Bolivia-El-caso-del-trigo-1990-218x300.jpg 218w, https:\/\/blog.jprudencio.com\/wp-content\/uploads\/2018\/08\/La-inseguridad-alimentaria-en-Bolivia-El-caso-del-trigo-1990.jpg 270w\" sizes=\"(max-width: 218px) 100vw, 218px\" \/>\n<p>Ediciones ILDIS 1990-232 p\u00e1ginas-La Paz<\/p>\n<p>A ra\u00edz del debate de las donaciones de alimentos (donde\u00a0el trigo representa la mayor\u00eda de las donaciones) y la\u00a0dependencia del pa\u00eds, surge la investigaci\u00f3n en\u00a0profundidad sobre el trigo y la harina de trigo en Bolivia,\u00a0aspecto que es abordado desde sus antecedentes\u00a0hist\u00f3ricos (1900-1950) hasta el periodo actual (1950\u00a0-1989).<\/p>\n<p>La investigaci\u00f3n contiene muchos aspectos no\u00a0considerados anteriormente, e informaci\u00f3n sistematizada\u00a0rigurosamente, sobre todo en t\u00e9rminos de la industria\u00a0molinera nacional y su funcionamiento en base a las\u00a0donaciones.<\/p>\n<p><a href=\"https:\/\/blog.jprudencio.com\/wp-content\/uploads\/2018\/08\/La-inseguridad-alimentaria-en-Bolivia-El-caso-del-trigo-1990.pdf\">Descargar libro<\/a><\/p>\n<\/body>","protected":false},"excerpt":{"rendered":"<p>Ediciones ILDIS 1990-232 p\u00e1ginas-La Paz A ra\u00edz del debate de las donaciones de alimentos (donde\u00a0el trigo representa la ...<\/p>","protected":false},"author":2,"featured_media":662,"comment_status":"closed","ping_status":"closed","sticky":false,"template":"","format":"standard","meta":{"footnotes":""},"categories":[2],"tags":[44,294,510,137],"class_list":["post-661","post","type-post","status-publish","format-standard","has-post-thumbnail","hentry","category-libros","tag-alimentaria","tag-bolivia-es","tag-inseguridad-es","tag-trigo"],"yoast_head":"<!-- This site is optimized with the Yoast SEO plugin v25.0 - https:\/\/yoast.com\/wordpress\/plugins\/seo\/ -->\n<title>La inseguridad alimentaria en Bolivia. El caso del trigo (1990). - Julio Prudencio B\u00f6hrt<\/title>\n<meta name=\"robots\" content=\"index, follow, max-snippet:-1, max-image-preview:large, max-video-preview:-1\" \/>\n<link rel=\"canonical\" href=\"https:\/\/blog.jprudencio.com\/index.php\/1990\/10\/24\/la-inseguridad-alimentaria-en-bolivia-el-caso-del-trigo-1990\/\" \/>\n<meta property=\"og:locale\" content=\"es_ES\" \/>\n<meta property=\"og:type\" content=\"article\" \/>\n<meta property=\"og:title\" content=\"La inseguridad alimentaria en Bolivia. El caso del trigo (1990). - Julio Prudencio B\u00f6hrt\" \/>\n<meta property=\"og:description\" content=\"Ediciones ILDIS 1990-232 p\u00e1ginas-La Paz A ra\u00edz del debate de las donaciones de alimentos (donde\u00a0el trigo representa la mayor\u00eda de las donaciones) y la\u00a0dependencia del pa\u00eds, surge la investigaci\u00f3n en\u00a0profundidad sobre el trigo y la harina de trigo en Bolivia,\u00a0aspecto que es abordado desde sus antecedentes\u00a0hist\u00f3ricos (1900-1950) hasta el periodo actual (1950\u00a0-1989). La investigaci\u00f3n contiene [&hellip;]\" \/>\n<meta property=\"og:url\" content=\"https:\/\/blog.jprudencio.com\/index.php\/1990\/10\/24\/la-inseguridad-alimentaria-en-bolivia-el-caso-del-trigo-1990\/\" \/>\n<meta property=\"og:site_name\" content=\"Julio Prudencio B\u00f6hrt\" \/>\n<meta property=\"article:published_time\" content=\"1990-10-24T17:08:30+00:00\" \/>\n<meta property=\"article:modified_time\" content=\"2022-08-17T23:41:03+00:00\" \/>\n<meta property=\"og:image\" content=\"https:\/\/blog.jprudencio.com\/wp-content\/uploads\/2018\/08\/La-inseguridad-alimentaria-en-Bolivia-El-caso-del-trigo-1990.jpg\" \/>\n\t<meta property=\"og:image:width\" content=\"270\" \/>\n\t<meta property=\"og:image:height\" content=\"372\" \/>\n\t<meta property=\"og:image:type\" content=\"image\/jpeg\" \/>\n<meta name=\"author\" content=\"Julio Prudencio\" \/>\n<meta name=\"twitter:card\" content=\"summary_large_image\" \/>\n<meta name=\"twitter:label1\" content=\"Escrito por\" \/>\n\t<meta name=\"twitter:data1\" content=\"Julio Prudencio\" \/>\n<script type=\"application\/ld+json\" class=\"yoast-schema-graph\">{\"@context\":\"https:\/\/schema.org\",\"@graph\":[{\"@type\":\"WebPage\",\"@id\":\"https:\/\/blog.jprudencio.com\/index.php\/1990\/10\/24\/la-inseguridad-alimentaria-en-bolivia-el-caso-del-trigo-1990\/\",\"url\":\"https:\/\/blog.jprudencio.com\/index.php\/1990\/10\/24\/la-inseguridad-alimentaria-en-bolivia-el-caso-del-trigo-1990\/\",\"name\":\"La inseguridad alimentaria en Bolivia. El caso del trigo (1990). - Julio Prudencio B\u00f6hrt\",\"isPartOf\":{\"@id\":\"https:\/\/blog.jprudencio.com\/#website\"},\"primaryImageOfPage\":{\"@id\":\"https:\/\/blog.jprudencio.com\/index.php\/1990\/10\/24\/la-inseguridad-alimentaria-en-bolivia-el-caso-del-trigo-1990\/#primaryimage\"},\"image\":{\"@id\":\"https:\/\/blog.jprudencio.com\/index.php\/1990\/10\/24\/la-inseguridad-alimentaria-en-bolivia-el-caso-del-trigo-1990\/#primaryimage\"},\"thumbnailUrl\":\"https:\/\/blog.jprudencio.com\/wp-content\/uploads\/2018\/08\/La-inseguridad-alimentaria-en-Bolivia-El-caso-del-trigo-1990.jpg\",\"datePublished\":\"1990-10-24T17:08:30+00:00\",\"dateModified\":\"2022-08-17T23:41:03+00:00\",\"author\":{\"@id\":\"https:\/\/blog.jprudencio.com\/#\/schema\/person\/833e169df1a0e2a320a7ef7c4fcd28dc\"},\"breadcrumb\":{\"@id\":\"https:\/\/blog.jprudencio.com\/index.php\/1990\/10\/24\/la-inseguridad-alimentaria-en-bolivia-el-caso-del-trigo-1990\/#breadcrumb\"},\"inLanguage\":\"es-AR\",\"potentialAction\":[{\"@type\":\"ReadAction\",\"target\":[\"https:\/\/blog.jprudencio.com\/index.php\/1990\/10\/24\/la-inseguridad-alimentaria-en-bolivia-el-caso-del-trigo-1990\/\"]}]},{\"@type\":\"ImageObject\",\"inLanguage\":\"es-AR\",\"@id\":\"https:\/\/blog.jprudencio.com\/index.php\/1990\/10\/24\/la-inseguridad-alimentaria-en-bolivia-el-caso-del-trigo-1990\/#primaryimage\",\"url\":\"https:\/\/blog.jprudencio.com\/wp-content\/uploads\/2018\/08\/La-inseguridad-alimentaria-en-Bolivia-El-caso-del-trigo-1990.jpg\",\"contentUrl\":\"https:\/\/blog.jprudencio.com\/wp-content\/uploads\/2018\/08\/La-inseguridad-alimentaria-en-Bolivia-El-caso-del-trigo-1990.jpg\",\"width\":270,\"height\":372},{\"@type\":\"BreadcrumbList\",\"@id\":\"https:\/\/blog.jprudencio.com\/index.php\/1990\/10\/24\/la-inseguridad-alimentaria-en-bolivia-el-caso-del-trigo-1990\/#breadcrumb\",\"itemListElement\":[{\"@type\":\"ListItem\",\"position\":1,\"name\":\"Inicio\",\"item\":\"https:\/\/blog.jprudencio.com\/\"},{\"@type\":\"ListItem\",\"position\":2,\"name\":\"La inseguridad alimentaria en Bolivia. El caso del trigo (1990).\"}]},{\"@type\":\"WebSite\",\"@id\":\"https:\/\/blog.jprudencio.com\/#website\",\"url\":\"https:\/\/blog.jprudencio.com\/\",\"name\":\"Julio Prudencio B\u00f6hrt\",\"description\":\"Economista\",\"potentialAction\":[{\"@type\":\"SearchAction\",\"target\":{\"@type\":\"EntryPoint\",\"urlTemplate\":\"https:\/\/blog.jprudencio.com\/?s={search_term_string}\"},\"query-input\":{\"@type\":\"PropertyValueSpecification\",\"valueRequired\":true,\"valueName\":\"search_term_string\"}}],\"inLanguage\":\"es-AR\"},{\"@type\":\"Person\",\"@id\":\"https:\/\/blog.jprudencio.com\/#\/schema\/person\/833e169df1a0e2a320a7ef7c4fcd28dc\",\"name\":\"Julio Prudencio\",\"image\":{\"@type\":\"ImageObject\",\"inLanguage\":\"es-AR\",\"@id\":\"https:\/\/blog.jprudencio.com\/#\/schema\/person\/image\/\",\"url\":\"https:\/\/secure.gravatar.com\/avatar\/8d8954e7834d7b097deec13cb0d9d233?s=96&d=mm&r=g\",\"contentUrl\":\"https:\/\/secure.gravatar.com\/avatar\/8d8954e7834d7b097deec13cb0d9d233?s=96&d=mm&r=g\",\"caption\":\"Julio Prudencio\"},\"sameAs\":[\"http:\/\/www.julioprudencio.com\"],\"url\":\"https:\/\/blog.jprudencio.com\/index.php\/author\/julio\/\"}]}<\/script>\n<!-- \/ Yoast SEO plugin. -->","yoast_head_json":{"title":"La inseguridad alimentaria en Bolivia. El caso del trigo (1990). - Julio Prudencio B\u00f6hrt","robots":{"index":"index","follow":"follow","max-snippet":"max-snippet:-1","max-image-preview":"max-image-preview:large","max-video-preview":"max-video-preview:-1"},"canonical":"https:\/\/blog.jprudencio.com\/index.php\/1990\/10\/24\/la-inseguridad-alimentaria-en-bolivia-el-caso-del-trigo-1990\/","og_locale":"es_ES","og_type":"article","og_title":"La inseguridad alimentaria en Bolivia. El caso del trigo (1990). - Julio Prudencio B\u00f6hrt","og_description":"Ediciones ILDIS 1990-232 p\u00e1ginas-La Paz A ra\u00edz del debate de las donaciones de alimentos (donde\u00a0el trigo representa la mayor\u00eda de las donaciones) y la\u00a0dependencia del pa\u00eds, surge la investigaci\u00f3n en\u00a0profundidad sobre el trigo y la harina de trigo en Bolivia,\u00a0aspecto que es abordado desde sus antecedentes\u00a0hist\u00f3ricos (1900-1950) hasta el periodo actual (1950\u00a0-1989). La investigaci\u00f3n contiene [&hellip;]","og_url":"https:\/\/blog.jprudencio.com\/index.php\/1990\/10\/24\/la-inseguridad-alimentaria-en-bolivia-el-caso-del-trigo-1990\/","og_site_name":"Julio Prudencio B\u00f6hrt","article_published_time":"1990-10-24T17:08:30+00:00","article_modified_time":"2022-08-17T23:41:03+00:00","og_image":[{"width":270,"height":372,"url":"https:\/\/blog.jprudencio.com\/wp-content\/uploads\/2018\/08\/La-inseguridad-alimentaria-en-Bolivia-El-caso-del-trigo-1990.jpg","type":"image\/jpeg"}],"author":"Julio Prudencio","twitter_card":"summary_large_image","twitter_misc":{"Escrito por":"Julio Prudencio"},"schema":{"@context":"https:\/\/schema.org","@graph":[{"@type":"WebPage","@id":"https:\/\/blog.jprudencio.com\/index.php\/1990\/10\/24\/la-inseguridad-alimentaria-en-bolivia-el-caso-del-trigo-1990\/","url":"https:\/\/blog.jprudencio.com\/index.php\/1990\/10\/24\/la-inseguridad-alimentaria-en-bolivia-el-caso-del-trigo-1990\/","name":"La inseguridad alimentaria en Bolivia. El caso del trigo (1990). - Julio Prudencio B\u00f6hrt","isPartOf":{"@id":"https:\/\/blog.jprudencio.com\/#website"},"primaryImageOfPage":{"@id":"https:\/\/blog.jprudencio.com\/index.php\/1990\/10\/24\/la-inseguridad-alimentaria-en-bolivia-el-caso-del-trigo-1990\/#primaryimage"},"image":{"@id":"https:\/\/blog.jprudencio.com\/index.php\/1990\/10\/24\/la-inseguridad-alimentaria-en-bolivia-el-caso-del-trigo-1990\/#primaryimage"},"thumbnailUrl":"https:\/\/blog.jprudencio.com\/wp-content\/uploads\/2018\/08\/La-inseguridad-alimentaria-en-Bolivia-El-caso-del-trigo-1990.jpg","datePublished":"1990-10-24T17:08:30+00:00","dateModified":"2022-08-17T23:41:03+00:00","author":{"@id":"https:\/\/blog.jprudencio.com\/#\/schema\/person\/833e169df1a0e2a320a7ef7c4fcd28dc"},"breadcrumb":{"@id":"https:\/\/blog.jprudencio.com\/index.php\/1990\/10\/24\/la-inseguridad-alimentaria-en-bolivia-el-caso-del-trigo-1990\/#breadcrumb"},"inLanguage":"es-AR","potentialAction":[{"@type":"ReadAction","target":["https:\/\/blog.jprudencio.com\/index.php\/1990\/10\/24\/la-inseguridad-alimentaria-en-bolivia-el-caso-del-trigo-1990\/"]}]},{"@type":"ImageObject","inLanguage":"es-AR","@id":"https:\/\/blog.jprudencio.com\/index.php\/1990\/10\/24\/la-inseguridad-alimentaria-en-bolivia-el-caso-del-trigo-1990\/#primaryimage","url":"https:\/\/blog.jprudencio.com\/wp-content\/uploads\/2018\/08\/La-inseguridad-alimentaria-en-Bolivia-El-caso-del-trigo-1990.jpg","contentUrl":"https:\/\/blog.jprudencio.com\/wp-content\/uploads\/2018\/08\/La-inseguridad-alimentaria-en-Bolivia-El-caso-del-trigo-1990.jpg","width":270,"height":372},{"@type":"BreadcrumbList","@id":"https:\/\/blog.jprudencio.com\/index.php\/1990\/10\/24\/la-inseguridad-alimentaria-en-bolivia-el-caso-del-trigo-1990\/#breadcrumb","itemListElement":[{"@type":"ListItem","position":1,"name":"Inicio","item":"https:\/\/blog.jprudencio.com\/"},{"@type":"ListItem","position":2,"name":"La inseguridad alimentaria en Bolivia. El caso del trigo (1990)."}]},{"@type":"WebSite","@id":"https:\/\/blog.jprudencio.com\/#website","url":"https:\/\/blog.jprudencio.com\/","name":"Julio Prudencio B\u00f6hrt","description":"Economista","potentialAction":[{"@type":"SearchAction","target":{"@type":"EntryPoint","urlTemplate":"https:\/\/blog.jprudencio.com\/?s={search_term_string}"},"query-input":{"@type":"PropertyValueSpecification","valueRequired":true,"valueName":"search_term_string"}}],"inLanguage":"es-AR"},{"@type":"Person","@id":"https:\/\/blog.jprudencio.com\/#\/schema\/person\/833e169df1a0e2a320a7ef7c4fcd28dc","name":"Julio Prudencio","image":{"@type":"ImageObject","inLanguage":"es-AR","@id":"https:\/\/blog.jprudencio.com\/#\/schema\/person\/image\/","url":"https:\/\/secure.gravatar.com\/avatar\/8d8954e7834d7b097deec13cb0d9d233?s=96&d=mm&r=g","contentUrl":"https:\/\/secure.gravatar.com\/avatar\/8d8954e7834d7b097deec13cb0d9d233?s=96&d=mm&r=g","caption":"Julio Prudencio"},"sameAs":["http:\/\/www.julioprudencio.com"],"url":"https:\/\/blog.jprudencio.com\/index.php\/author\/julio\/"}]}},"_links":{"self":[{"href":"https:\/\/blog.jprudencio.com\/index.php\/wp-json\/wp\/v2\/posts\/661"}],"collection":[{"href":"https:\/\/blog.jprudencio.com\/index.php\/wp-json\/wp\/v2\/posts"}],"about":[{"href":"https:\/\/blog.jprudencio.com\/index.php\/wp-json\/wp\/v2\/types\/post"}],"author":[{"embeddable":true,"href":"https:\/\/blog.jprudencio.com\/index.php\/wp-json\/wp\/v2\/users\/2"}],"replies":[{"embeddable":true,"href":"https:\/\/blog.jprudencio.com\/index.php\/wp-json\/wp\/v2\/comments?post=661"}],"version-history":[{"count":3,"href":"https:\/\/blog.jprudencio.com\/index.php\/wp-json\/wp\/v2\/posts\/661\/revisions"}],"predecessor-version":[{"id":955,"href":"https:\/\/blog.jprudencio.com\/index.php\/wp-json\/wp\/v2\/posts\/661\/revisions\/955"}],"wp:featuredmedia":[{"embeddable":true,"href":"https:\/\/blog.jprudencio.com\/index.php\/wp-json\/wp\/v2\/media\/662"}],"wp:attachment":[{"href":"https:\/\/blog.jprudencio.com\/index.php\/wp-json\/wp\/v2\/media?parent=661"}],"wp:term":[{"taxonomy":"category","embeddable":true,"href":"https:\/\/blog.jprudencio.com\/index.php\/wp-json\/wp\/v2\/categories?post=661"},{"taxonomy":"post_tag","embeddable":true,"href":"https:\/\/blog.jprudencio.com\/index.php\/wp-json\/wp\/v2\/tags?post=661"}],"curies":[{"name":"wp","href":"https:\/\/api.w.org\/{rel}","templated":true}]}}